{"id":1035,"date":"2019-09-27T17:54:50","date_gmt":"2019-09-27T15:54:50","guid":{"rendered":"http:\/\/lpdiderot10.fr\/?p=1035"},"modified":"2022-02-15T19:22:08","modified_gmt":"2022-02-15T18:22:08","slug":"exposition-intergenerationnelle","status":"publish","type":"post","link":"https:\/\/lpdiderot10.fr\/index.php\/2019\/09\/27\/exposition-intergenerationnelle\/","title":{"rendered":"Exposition jeunes et seniors"},"content":{"rendered":"<p style=\"text-align: center;\"><span style=\"font-size: 12pt;\">Samedi et dimanche 12 et 13 octobre 2019,<\/span><\/p>\n<p style=\"text-align: center;\"><span style=\"font-size: 12pt;\"> le lyc\u00e9e professionnel Diderot a pris toute sa part dans la r\u00e9ussite de l\u2019exposition propos\u00e9e par l\u2019office des seniors \u00e0 la salle des f\u00eates. <\/span><\/p>\n<p style=\"text-align: center;\"><span style=\"font-size: 12pt;\">L\u2019\u00e9tablissement a pr\u00e9sent\u00e9 au public plusieurs meubles et objets de d\u00e9coration r\u00e9alis\u00e9s par les \u00e9l\u00e8ves suivant des formations d\u2019\u00e9b\u00e9nisterie et de ferronnerie d\u2019art.<\/span><\/p>\n<p style=\"text-align: center;\"><span style=\"font-size: 12pt;\">\u00a0\u00a0\u00a0\u00a0<\/span><\/p>\n<p style=\"text-align: center;\"><span style=\"font-size: 12pt;\">\u00a0\u00a0<\/span><\/p>\n<p style=\"text-align: center;\"><span style=\"font-size: 12pt;\">\u00a0<\/span><\/p>\n<p><img loading=\"lazy\" class=\"wp-image-1165 alignnone\" src=\"https:\/\/lpdiderot10.fr\/wp-content\/uploads\/2019\/09\/word-image.jpeg\" width=\"366\" height=\"488\" srcset=\"https:\/\/lpdiderot10.fr\/wp-content\/uploads\/2019\/09\/word-image.jpeg 1386w, https:\/\/lpdiderot10.fr\/wp-content\/uploads\/2019\/09\/word-image-225x300.jpeg 225w, https:\/\/lpdiderot10.fr\/wp-content\/uploads\/2019\/09\/word-image-768x1024.jpeg 768w, https:\/\/lpdiderot10.fr\/wp-content\/uploads\/2019\/09\/word-image-820x1093.jpeg 820w\" sizes=\"(max-width: 366px) 100vw, 366px\" \/>\u00a0 <img loading=\"lazy\" class=\"wp-image-1166 alignnone\" src=\"https:\/\/lpdiderot10.fr\/wp-content\/uploads\/2019\/09\/word-image-1.jpeg\" width=\"366\" height=\"488\" srcset=\"https:\/\/lpdiderot10.fr\/wp-content\/uploads\/2019\/09\/word-image-1.jpeg 1386w, https:\/\/lpdiderot10.fr\/wp-content\/uploads\/2019\/09\/word-image-1-225x300.jpeg 225w, https:\/\/lpdiderot10.fr\/wp-content\/uploads\/2019\/09\/word-image-1-768x1024.jpeg 768w, https:\/\/lpdiderot10.fr\/wp-content\/uploads\/2019\/09\/word-image-1-820x1093.jpeg 820w\" sizes=\"(max-width: 366px) 100vw, 366px\" \/><\/p>\n<p><img loading=\"lazy\" class=\"wp-image-1135 aligncenter\" src=\"https:\/\/lpdiderot10.fr\/wp-content\/uploads\/2019\/09\/11-300x225.jpg\" alt=\"\" width=\"829\" height=\"622\" srcset=\"https:\/\/lpdiderot10.fr\/wp-content\/uploads\/2019\/09\/11-300x225.jpg 300w, https:\/\/lpdiderot10.fr\/wp-content\/uploads\/2019\/09\/11-768x576.jpg 768w, https:\/\/lpdiderot10.fr\/wp-content\/uploads\/2019\/09\/11-1024x768.jpg 1024w, https:\/\/lpdiderot10.fr\/wp-content\/uploads\/2019\/09\/11-820x615.jpg 820w\" sizes=\"(max-width: 829px) 100vw, 829px\" \/><\/p>\n<p><img loading=\"lazy\" class=\"wp-image-1168 alignnone\" src=\"https:\/\/lpdiderot10.fr\/wp-content\/uploads\/2019\/09\/word-image-3.jpeg\" width=\"370\" height=\"493\" srcset=\"https:\/\/lpdiderot10.fr\/wp-content\/uploads\/2019\/09\/word-image-3.jpeg 1386w, https:\/\/lpdiderot10.fr\/wp-content\/uploads\/2019\/09\/word-image-3-225x300.jpeg 225w, https:\/\/lpdiderot10.fr\/wp-content\/uploads\/2019\/09\/word-image-3-768x1024.jpeg 768w, https:\/\/lpdiderot10.fr\/wp-content\/uploads\/2019\/09\/word-image-3-820x1093.jpeg 820w\" sizes=\"(max-width: 370px) 100vw, 370px\" \/>\u00a0<img loading=\"lazy\" class=\"wp-image-1167 alignnone\" src=\"https:\/\/lpdiderot10.fr\/wp-content\/uploads\/2019\/09\/word-image-2.jpeg\" width=\"370\" height=\"493\" srcset=\"https:\/\/lpdiderot10.fr\/wp-content\/uploads\/2019\/09\/word-image-2.jpeg 1386w, https:\/\/lpdiderot10.fr\/wp-content\/uploads\/2019\/09\/word-image-2-225x300.jpeg 225w, https:\/\/lpdiderot10.fr\/wp-content\/uploads\/2019\/09\/word-image-2-768x1024.jpeg 768w, https:\/\/lpdiderot10.fr\/wp-content\/uploads\/2019\/09\/word-image-2-820x1093.jpeg 820w\" sizes=\"(max-width: 370px) 100vw, 370px\" \/><\/p>\n<p style=\"text-align: center;\">\n","protected":false},"excerpt":{"rendered":"<p>Samedi et dimanche 12 et 13 octobre 2019, le lyc\u00e9e professionnel Diderot a pris toute sa part dans la r\u00e9ussite de l\u2019exposition propos\u00e9e par l\u2019office des seniors \u00e0 la salle des f\u00eates. L\u2019\u00e9tablissement a pr\u00e9sent\u00e9 au public plusieurs meubles et objets de d\u00e9coration r\u00e9alis\u00e9s par les \u00e9l\u00e8ves suivant des formations d\u2019\u00e9b\u00e9nisterie et de ferronnerie d\u2019art. [&hellip;]<\/p>\n","protected":false},"author":10,"featured_media":1139,"comment_status":"closed","ping_status":"open","sticky":false,"template":"","format":"standard","meta":[],"categories":[29,35,7,34],"tags":[38],"_links":{"self":[{"href":"https:\/\/lpdiderot10.fr\/index.php\/wp-json\/wp\/v2\/posts\/1035"}],"collection":[{"href":"https:\/\/lpdiderot10.fr\/index.php\/wp-json\/wp\/v2\/posts"}],"about":[{"href":"https:\/\/lpdiderot10.fr\/index.php\/wp-json\/wp\/v2\/types\/post"}],"author":[{"embeddable":true,"href":"https:\/\/lpdiderot10.fr\/index.php\/wp-json\/wp\/v2\/users\/10"}],"replies":[{"embeddable":true,"href":"https:\/\/lpdiderot10.fr\/index.php\/wp-json\/wp\/v2\/comments?post=1035"}],"version-history":[{"count":42,"href":"https:\/\/lpdiderot10.fr\/index.php\/wp-json\/wp\/v2\/posts\/1035\/revisions"}],"predecessor-version":[{"id":1178,"href":"https:\/\/lpdiderot10.fr\/index.php\/wp-json\/wp\/v2\/posts\/1035\/revisions\/1178"}],"wp:featuredmedia":[{"embeddable":true,"href":"https:\/\/lpdiderot10.fr\/index.php\/wp-json\/wp\/v2\/media\/1139"}],"wp:attachment":[{"href":"https:\/\/lpdiderot10.fr\/index.php\/wp-json\/wp\/v2\/media?parent=1035"}],"wp:term":[{"taxonomy":"category","embeddable":true,"href":"https:\/\/lpdiderot10.fr\/index.php\/wp-json\/wp\/v2\/categories?post=1035"},{"taxonomy":"post_tag","embeddable":true,"href":"https:\/\/lpdiderot10.fr\/index.php\/wp-json\/wp\/v2\/tags?post=1035"}],"curies":[{"name":"wp","href":"https:\/\/api.w.org\/{rel}","templated":true}]}}