{"id":2398,"date":"2021-10-07T11:52:30","date_gmt":"2021-10-07T09:52:30","guid":{"rendered":"https:\/\/lpdiderot10.fr\/?p=2398"},"modified":"2022-02-15T19:12:58","modified_gmt":"2022-02-15T18:12:58","slug":"le-lycee-expose-les-metiers-dart-aux-halles-du-boulingrin-a-reims","status":"publish","type":"post","link":"https:\/\/lpdiderot10.fr\/index.php\/2021\/10\/07\/le-lycee-expose-les-metiers-dart-aux-halles-du-boulingrin-a-reims\/","title":{"rendered":"LE LYC\u00c9E EXPOSE LES M\u00c9TIERS D\u2019ART AUX HALLES DU BOULINGRIN \u00c0 REIMS"},"content":{"rendered":"<table>\n<tbody>\n<tr>\n<td>\n<p><img loading=\"lazy\" width=\"705\" height=\"344\" class=\"wp-image-2460\" src=\"https:\/\/lpdiderot10.fr\/wp-content\/uploads\/2021\/10\/marche-des-artisans-dart-3.jpeg\" alt=\"March\u00e9 des Artisans d'Art\" srcset=\"https:\/\/lpdiderot10.fr\/wp-content\/uploads\/2021\/10\/marche-des-artisans-dart-3.jpeg 705w, https:\/\/lpdiderot10.fr\/wp-content\/uploads\/2021\/10\/marche-des-artisans-dart-3-300x146.jpeg 300w\" sizes=\"(max-width: 705px) 100vw, 705px\" \/><\/p>\n<\/td>\n<td>\n<p><a href=\"https:\/\/lachampagneadugout.com\/evenements-en-champagne-ardenne\/\">EV\u00c8NEMENTS EN CHAMPAGNE-ARDENNE<\/a><\/p>\n<p><strong>LE LYC\u00c9E DENIS DIDEROT EXPOSE SES FORMATIONS M\u00c9TIERS D\u2019ART AU<\/strong><\/p>\n<p>March\u00e9 des Artisans d\u2019Art du Boulingrin \u00e0 Reims<\/p>\n<p>Dimanche 19 septembre 2021<\/p>\n<\/td>\n<\/tr>\n<tr>\n<td colspan=\"2\">\n<p>A l\u2019occasion des Journ\u00e9es Europ\u00e9ennes du Patrimoine,\u00a0<strong>Les Halles du Boulingrin<\/strong>\u00a0ont accueilli cette manifestation dimanche 19 septembre 2021\u00a0:<\/p>\n<p>plus de\u00a0<strong>45 exposants<\/strong>, provenant principalement de la\u00a0<strong>Marne<\/strong>, des\u00a0<strong>Ardennes<\/strong>, de l\u2019<strong>Aube<\/strong>, mais aussi de\u00a0l\u2019ensemble du\u00a0<strong>Grand Est<\/strong>, ainsi que des r\u00e9gions limitrophes. Artisans d\u2019art s\u00e9lectionn\u00e9s pour leur ma\u00eetrise technique et leur inventivit\u00e9, ils ont pr\u00e9sent\u00e9 leurs cr\u00e9ations, parfois des mod\u00e8les uniques.<\/p>\n<p>Ev\u00e8nement organis\u00e9 par la Ville de Reims et la\u00a0Chambre des M\u00e9tiers et de l\u2019Artisanat. Halles du Boulingrin, 50 rue de Mars.<\/p>\n<\/td>\n<\/tr>\n<tr>\n<td colspan=\"2\">\n<p><img loading=\"lazy\" width=\"964\" height=\"697\" class=\"wp-image-2461\" src=\"https:\/\/lpdiderot10.fr\/wp-content\/uploads\/2021\/10\/word-image-34.jpeg\" srcset=\"https:\/\/lpdiderot10.fr\/wp-content\/uploads\/2021\/10\/word-image-34.jpeg 964w, https:\/\/lpdiderot10.fr\/wp-content\/uploads\/2021\/10\/word-image-34-300x217.jpeg 300w, https:\/\/lpdiderot10.fr\/wp-content\/uploads\/2021\/10\/word-image-34-768x555.jpeg 768w, https:\/\/lpdiderot10.fr\/wp-content\/uploads\/2021\/10\/word-image-34-820x593.jpeg 820w\" sizes=\"(max-width: 964px) 100vw, 964px\" \/><\/p>\n<\/td>\n<\/tr>\n<\/tbody>\n<\/table>\n<table>\n<tbody>\n<tr>\n<td>\n<p><img loading=\"lazy\" width=\"1200\" height=\"1600\" class=\"wp-image-2462\" src=\"https:\/\/lpdiderot10.fr\/wp-content\/uploads\/2021\/10\/compo1-jpg.jpeg\" alt=\"compo1.jpg\" srcset=\"https:\/\/lpdiderot10.fr\/wp-content\/uploads\/2021\/10\/compo1-jpg.jpeg 1200w, https:\/\/lpdiderot10.fr\/wp-content\/uploads\/2021\/10\/compo1-jpg-225x300.jpeg 225w, https:\/\/lpdiderot10.fr\/wp-content\/uploads\/2021\/10\/compo1-jpg-768x1024.jpeg 768w, https:\/\/lpdiderot10.fr\/wp-content\/uploads\/2021\/10\/compo1-jpg-1152x1536.jpeg 1152w, https:\/\/lpdiderot10.fr\/wp-content\/uploads\/2021\/10\/compo1-jpg-820x1093.jpeg 820w\" sizes=\"(max-width: 1200px) 100vw, 1200px\" \/><\/p>\n<p><img loading=\"lazy\" width=\"1200\" height=\"1600\" class=\"wp-image-2463\" src=\"https:\/\/lpdiderot10.fr\/wp-content\/uploads\/2021\/10\/compo2-jpg.jpeg\" alt=\"compo2.jpg\" srcset=\"https:\/\/lpdiderot10.fr\/wp-content\/uploads\/2021\/10\/compo2-jpg.jpeg 1200w, https:\/\/lpdiderot10.fr\/wp-content\/uploads\/2021\/10\/compo2-jpg-225x300.jpeg 225w, https:\/\/lpdiderot10.fr\/wp-content\/uploads\/2021\/10\/compo2-jpg-768x1024.jpeg 768w, https:\/\/lpdiderot10.fr\/wp-content\/uploads\/2021\/10\/compo2-jpg-1152x1536.jpeg 1152w, https:\/\/lpdiderot10.fr\/wp-content\/uploads\/2021\/10\/compo2-jpg-820x1093.jpeg 820w\" sizes=\"(max-width: 1200px) 100vw, 1200px\" \/><\/p>\n<\/td>\n<\/tr>\n<\/tbody>\n<\/table>\n<table>\n<tbody>\n<tr>\n<td>\n<p><img loading=\"lazy\" width=\"1200\" height=\"1600\" class=\"wp-image-2464\" src=\"https:\/\/lpdiderot10.fr\/wp-content\/uploads\/2021\/10\/compo3-jpg.jpeg\" alt=\"compo3.jpg\" srcset=\"https:\/\/lpdiderot10.fr\/wp-content\/uploads\/2021\/10\/compo3-jpg.jpeg 1200w, https:\/\/lpdiderot10.fr\/wp-content\/uploads\/2021\/10\/compo3-jpg-225x300.jpeg 225w, https:\/\/lpdiderot10.fr\/wp-content\/uploads\/2021\/10\/compo3-jpg-768x1024.jpeg 768w, https:\/\/lpdiderot10.fr\/wp-content\/uploads\/2021\/10\/compo3-jpg-1152x1536.jpeg 1152w, https:\/\/lpdiderot10.fr\/wp-content\/uploads\/2021\/10\/compo3-jpg-820x1093.jpeg 820w\" sizes=\"(max-width: 1200px) 100vw, 1200px\" \/><\/p>\n<\/td>\n<\/tr>\n<\/tbody>\n<\/table>\n","protected":false},"excerpt":{"rendered":"<p>EV\u00c8NEMENTS EN CHAMPAGNE-ARDENNE LE LYC\u00c9E DENIS DIDEROT EXPOSE SES FORMATIONS M\u00c9TIERS D\u2019ART AU March\u00e9 des Artisans d\u2019Art du Boulingrin \u00e0 Reims Dimanche 19 septembre 2021 A l\u2019occasion des Journ\u00e9es Europ\u00e9ennes du Patrimoine,\u00a0Les Halles du Boulingrin\u00a0ont accueilli cette manifestation dimanche 19 septembre 2021\u00a0: plus de\u00a045 exposants, provenant principalement de la\u00a0Marne, des\u00a0Ardennes, de l\u2019Aube, mais aussi de\u00a0l\u2019ensemble [&hellip;]<\/p>\n","protected":false},"author":10,"featured_media":2427,"comment_status":"closed","ping_status":"open","sticky":false,"template":"","format":"standard","meta":[],"categories":[29,35],"tags":[],"_links":{"self":[{"href":"https:\/\/lpdiderot10.fr\/index.php\/wp-json\/wp\/v2\/posts\/2398"}],"collection":[{"href":"https:\/\/lpdiderot10.fr\/index.php\/wp-json\/wp\/v2\/posts"}],"about":[{"href":"https:\/\/lpdiderot10.fr\/index.php\/wp-json\/wp\/v2\/types\/post"}],"author":[{"embeddable":true,"href":"https:\/\/lpdiderot10.fr\/index.php\/wp-json\/wp\/v2\/users\/10"}],"replies":[{"embeddable":true,"href":"https:\/\/lpdiderot10.fr\/index.php\/wp-json\/wp\/v2\/comments?post=2398"}],"version-history":[{"count":9,"href":"https:\/\/lpdiderot10.fr\/index.php\/wp-json\/wp\/v2\/posts\/2398\/revisions"}],"predecessor-version":[{"id":2465,"href":"https:\/\/lpdiderot10.fr\/index.php\/wp-json\/wp\/v2\/posts\/2398\/revisions\/2465"}],"wp:featuredmedia":[{"embeddable":true,"href":"https:\/\/lpdiderot10.fr\/index.php\/wp-json\/wp\/v2\/media\/2427"}],"wp:attachment":[{"href":"https:\/\/lpdiderot10.fr\/index.php\/wp-json\/wp\/v2\/media?parent=2398"}],"wp:term":[{"taxonomy":"category","embeddable":true,"href":"https:\/\/lpdiderot10.fr\/index.php\/wp-json\/wp\/v2\/categories?post=2398"},{"taxonomy":"post_tag","embeddable":true,"href":"https:\/\/lpdiderot10.fr\/index.php\/wp-json\/wp\/v2\/tags?post=2398"}],"curies":[{"name":"wp","href":"https:\/\/api.w.org\/{rel}","templated":true}]}}