{"id":2703,"date":"2022-05-10T11:01:24","date_gmt":"2022-05-10T09:01:24","guid":{"rendered":"https:\/\/lpdiderot10.fr\/?p=2703"},"modified":"2022-05-10T11:01:26","modified_gmt":"2022-05-10T09:01:26","slug":"des-lyceens-de-diderot-a-romilly-sur-seine-decouvrent-le-canoe","status":"publish","type":"post","link":"https:\/\/lpdiderot10.fr\/index.php\/2022\/05\/10\/des-lyceens-de-diderot-a-romilly-sur-seine-decouvrent-le-canoe\/","title":{"rendered":"Des lyc\u00e9ens de Diderot \u00e0 Romilly-sur-Seine d\u00e9couvrent le cano\u00eb"},"content":{"rendered":"<p>La section cano\u00eb-kayak de la MJC initie les lyc\u00e9ens.<\/p>\n<p><img loading=\"lazy\" width=\"1190\" height=\"669\" class=\"wp-image-2704\" src=\"https:\/\/lpdiderot10.fr\/wp-content\/uploads\/2022\/05\/le-president-juan-guerrero-sest-mis-dans-le-bain.jpeg\" alt=\"Le pr\u00e9sident Juan Guerrero s'est mis \u00abdans le bain\u00bb pour l'initiation des jeunes !\" srcset=\"https:\/\/lpdiderot10.fr\/wp-content\/uploads\/2022\/05\/le-president-juan-guerrero-sest-mis-dans-le-bain.jpeg 1190w, https:\/\/lpdiderot10.fr\/wp-content\/uploads\/2022\/05\/le-president-juan-guerrero-sest-mis-dans-le-bain-300x169.jpeg 300w, https:\/\/lpdiderot10.fr\/wp-content\/uploads\/2022\/05\/le-president-juan-guerrero-sest-mis-dans-le-bain-1024x576.jpeg 1024w, https:\/\/lpdiderot10.fr\/wp-content\/uploads\/2022\/05\/le-president-juan-guerrero-sest-mis-dans-le-bain-768x432.jpeg 768w, https:\/\/lpdiderot10.fr\/wp-content\/uploads\/2022\/05\/le-president-juan-guerrero-sest-mis-dans-le-bain-820x461.jpeg 820w\" sizes=\"(max-width: 1190px) 100vw, 1190px\" \/><\/p>\n<p><em>Le pr\u00e9sident Juan Guerrero s&#8217;est mis \u00abdans le bain\u00bb pour l&#8217;initiation des jeunes !<\/em><\/p>\n<h4>Dans un environnement aux couleurs du printemps mais un peu frisquet, les jeunes du lyc\u00e9e professionnel Diderot \u00e9taient vendredi matin au rendez-vous fix\u00e9 par Juan Guerrero, pr\u00e9sident du club de cano\u00eb-kayak de la Maison des jeunes et de la culture de Romilly-sur-Seine.<\/h4>\n<p>\u00ab\u00a0Dans la continuit\u00e9 de l\u2019action Plan\u00e8te Kayak d\u00e9velopp\u00e9e par la F\u00e9d\u00e9ration fran\u00e7aise, nous avons conclu avec le lyc\u00e9e professionnel Diderot le partenariat \u201cTous en Seine\u201d qui consiste \u00e0 faire conna\u00eetre aux lyc\u00e9ens cette activit\u00e9 sportive\u00a0: le cano\u00eb-kayak se pratique en pleine nature sur les cours d\u2019eau de la B\u00e9ch\u00e8re, avec d\u00e9couverte de la faune et de la flore de ce milieu aquatique\u00a0\u00bb, commente Juan Guerrero\u00a0: \u00ab\u00a0Le second accent \u2013 important \u2013 est mis sur la s\u00e9curit\u00e9, pour faire le lien avec ce qui est enseign\u00e9 au niveau scolaire \u00e0 ces lyc\u00e9ens futurs professionnels. Le kayak, activit\u00e9 \u00e0 risque, impose un \u00e9quipement sp\u00e9cial (gilet et casque), de bien conna\u00eetre et v\u00e9rifier l\u2019embarcation\u00a0: les cale-pieds, r\u00e9serve de flottabilit\u00e9\u2026 et, \u00e0 cet effet, un atelier s\u00e9curit\u00e9 est effectu\u00e9 avant d\u2019aller s\u2019initier \u00e0 piloter le kayak.\u00a0\u00bb<\/p>\n<h2>Entraide et go\u00fbt de l\u2019effort<\/h2>\n<p>\u00ab\u00a0Cette action se r\u00e9alise gr\u00e2ce au partenariat d\u2019EDF, qui participe depuis trente ans \u00e0 la promotion et au d\u00e9veloppement de notre sport, et au comit\u00e9 de l\u2019Aube, pour le pr\u00eat de mat\u00e9riel, car nous avons accueilli aujourd\u2019hui environ 70 lyc\u00e9ens. Le second groupe de lyc\u00e9ens effectuera sa s\u00e9ance d\u2019initiation fin mai\u00a0\u00bb, pr\u00e9cise Juan.<\/p>\n<p>Un vrai gage de satisfaction pour le proviseur David Hartmann, venu encourager les professeurs d\u2019EPS et les lyc\u00e9ens \u00e0 la pratique de cette activit\u00e9 sportive en pleine nature, tout en partageant des valeurs comme l\u2019entraide et le go\u00fbt de l\u2019effort.<\/p>\n<p>\u00ab\u00a0Apr\u00e8s cette matin\u00e9e consacr\u00e9e \u00e0 l\u2019initiation, les jeunes vont effectuer cet apr\u00e8s-midi \u00e0 partir de la plage de Conflans-sur-Seine, la descente en kayak sur la Seine\u00a0: un parcours d\u2019une douzaine de kilom\u00e8tres qui va les conduire jusqu\u2019\u00e0 la plage de Pont-sur-Seine. Une belle exp\u00e9rience et un bel apprentissage du sport de pagaie qui va leur donner un agr\u00e9able souvenir et peut-\u00eatre inciter de futurs pratiquants\u00a0!\u00a0\u00bb, conclut le pr\u00e9sident Guerrero.<\/p>\n<p><em>\u00a0<\/em>JEAN-CLAUDE BRUN (EST ECLAIR)<\/p>\n","protected":false},"excerpt":{"rendered":"<p>La section cano\u00eb-kayak de la MJC initie les lyc\u00e9ens. Le pr\u00e9sident Juan Guerrero s&#8217;est mis \u00abdans le bain\u00bb pour l&#8217;initiation des jeunes ! Dans un environnement aux couleurs du printemps mais un peu frisquet, les jeunes du lyc\u00e9e professionnel Diderot \u00e9taient vendredi matin au rendez-vous fix\u00e9 par Juan Guerrero, pr\u00e9sident du club de cano\u00eb-kayak de [&hellip;]<\/p>\n","protected":false},"author":10,"featured_media":2704,"comment_status":"closed","ping_status":"open","sticky":false,"template":"","format":"standard","meta":[],"categories":[46],"tags":[],"_links":{"self":[{"href":"https:\/\/lpdiderot10.fr\/index.php\/wp-json\/wp\/v2\/posts\/2703"}],"collection":[{"href":"https:\/\/lpdiderot10.fr\/index.php\/wp-json\/wp\/v2\/posts"}],"about":[{"href":"https:\/\/lpdiderot10.fr\/index.php\/wp-json\/wp\/v2\/types\/post"}],"author":[{"embeddable":true,"href":"https:\/\/lpdiderot10.fr\/index.php\/wp-json\/wp\/v2\/users\/10"}],"replies":[{"embeddable":true,"href":"https:\/\/lpdiderot10.fr\/index.php\/wp-json\/wp\/v2\/comments?post=2703"}],"version-history":[{"count":1,"href":"https:\/\/lpdiderot10.fr\/index.php\/wp-json\/wp\/v2\/posts\/2703\/revisions"}],"predecessor-version":[{"id":2705,"href":"https:\/\/lpdiderot10.fr\/index.php\/wp-json\/wp\/v2\/posts\/2703\/revisions\/2705"}],"wp:featuredmedia":[{"embeddable":true,"href":"https:\/\/lpdiderot10.fr\/index.php\/wp-json\/wp\/v2\/media\/2704"}],"wp:attachment":[{"href":"https:\/\/lpdiderot10.fr\/index.php\/wp-json\/wp\/v2\/media?parent=2703"}],"wp:term":[{"taxonomy":"category","embeddable":true,"href":"https:\/\/lpdiderot10.fr\/index.php\/wp-json\/wp\/v2\/categories?post=2703"},{"taxonomy":"post_tag","embeddable":true,"href":"https:\/\/lpdiderot10.fr\/index.php\/wp-json\/wp\/v2\/tags?post=2703"}],"curies":[{"name":"wp","href":"https:\/\/api.w.org\/{rel}","templated":true}]}}