{"id":3396,"date":"2023-12-01T17:29:29","date_gmt":"2023-12-01T16:29:29","guid":{"rendered":"https:\/\/lpdiderot10.fr\/?p=3396"},"modified":"2023-12-01T17:29:31","modified_gmt":"2023-12-01T16:29:31","slug":"romilly-sur-seine-le-duoday-ou-linclusion-dans-le-monde-du-travail","status":"publish","type":"post","link":"https:\/\/lpdiderot10.fr\/index.php\/2023\/12\/01\/romilly-sur-seine-le-duoday-ou-linclusion-dans-le-monde-du-travail\/","title":{"rendered":"Romilly-sur-Seine : le DuoDay ou l\u2019inclusion dans le monde du travail"},"content":{"rendered":"\n<header class=\"r-article--header\">\n<p>Quatre \u00e9l\u00e8ves du lyc\u00e9e professionnel Diderot participaient ce jeudi \u00e0 cette journ\u00e9e dans le cadre de la Semaine pour l\u2019emploi des personnes handicap\u00e9es.<\/p>\n<p><span class=\"drop-cap\">Q<\/span>uatre \u00e9l\u00e8ves suivis au sein de l\u2019Ulis du lyc\u00e9e professionnel Diderot de Romilly-sur-Seine ont particip\u00e9 ce jeudi au DuoDay dans le cadre de la Semaine europ\u00e9enne pour l\u2019emploi des personnes handicap\u00e9es. Objectif\u00a0: permettre \u00e0 des personnes handicap\u00e9es de passer une journ\u00e9e en entreprise ou au sein d\u2019une association et de participer activement aux t\u00e2ches des employ\u00e9s, \u00e0 leurs c\u00f4t\u00e9s. Ce jeudi, Corentin, 18\u00a0ans, en CAP \u00e9b\u00e9nisterie, a pass\u00e9 ainsi sa matin\u00e9e au magasin Carrefour Market.<\/p>\n<div id=\"article_article\" class=\"adm-ad-rendered\" data-google-query-id=\"CJqSsZ_T7oIDFRFAQQIdY0UBtg\">\n<div class=\"teads-inread sm-screen\">\n<div class=\"teads-player teads-compensation-div\"><em style=\"font-size: revert; color: initial;\">\u00a0\u00a0J\u2019ai choisi de venir dans la vente car j\u2019avais d\u00e9j\u00e0 fait un stage chez Gifi et \u00e7a m\u2019avait plu<\/em><span style=\"font-size: revert; color: initial;\">\u00a0\u00bb, expliquait le jeune homme\u00a0: \u00ab\u00a0<\/span><em style=\"font-size: revert; color: initial;\">J\u2019ai fait de la mise en rayon, j\u2019ai d\u00e9ball\u00e9 des livraisons, j\u2019ai plac\u00e9 des antivols sur les bouteilles d\u2019alcool.<\/em><span style=\"font-size: revert; color: initial;\">\u00a0\u00bb Corentin souhaiterait devenir maquettiste\u00a0: \u00ab\u00a0<\/span><em style=\"font-size: revert; color: initial;\">Je mettrai mes maquettes en vente, c\u2019est pour cela aussi que j\u2019ai choisi la vente pour le DuoDay.<\/em><span style=\"font-size: revert; color: initial;\">\u00a0\u00bb Le magasin Gifi accueillait \u00e9galement un \u00e9l\u00e8ve du lyc\u00e9e dans ce cadre.<\/span><\/div>\n<\/div>\n<\/div>\n<p>Par ailleurs, Fr\u00e9d\u00e9ric Bianic, professeur coordonnateur de l\u2019Ulis, a tenu aussi \u00e0 mettre en valeur Alison et Rom\u00e9o, tous deux 17\u00a0ans, qui, jeudi, passaient d\u00e9j\u00e0 leur journ\u00e9e au sein d\u2019une association puisqu\u2019ils sont en stage au Secours populaire dans le cadre de leur CAP \u00e9quipier polyvalent de commerce.<\/p>\n<\/header>\n<div class=\"glider-track\">\n<figure class=\"r-ratio--16-9 glider-slide active center visible\" role=\"img\" aria-label=\"Corentin, aux c\u00f4t\u00e9s de son professeur Fr\u00e9d\u00e9ric Bianic.\" data-gslide=\"0\"><img class=\"r-img lazyautosizes lazyloaded\" src=\"https:\/\/remeng.rosselcdn.net\/sites\/default\/files\/dpistyles_v2\/rem_16_9_1124w\/2023\/11\/23\/node_542509\/13577916\/public\/2023\/11\/23\/B9735525969Z.1_20231123210349_000%2BGSRNRTE9U.1-0.jpg?itok=qWcNMZ9I1700769838\" sizes=\"864px\" srcset=\"https:\/\/remeng.rosselcdn.net\/sites\/default\/files\/dpistyles_v2\/rem_16_9_1124w\/2023\/11\/23\/node_542509\/13577916\/public\/2023\/11\/23\/B9735525969Z.1_20231123210349_000%2BGSRNRTE9U.1-0.jpg?itok=qWcNMZ9I1700769838 1124w, https:\/\/remeng.rosselcdn.net\/sites\/default\/files\/dpistyles_v2\/rem_16_9_917w\/2023\/11\/23\/node_542509\/13577916\/public\/2023\/11\/23\/B9735525969Z.1_20231123210349_000%2BGSRNRTE9U.1-0.jpg?itok=B4folTL31700769838 917w\" alt=\"Corentin, aux c\u00f4t\u00e9s de son professeur Fr\u00e9d\u00e9ric Bianic.\" data-sizes=\"auto\" data-srcset=\"https:\/\/remeng.rosselcdn.net\/sites\/default\/files\/dpistyles_v2\/rem_16_9_1124w\/2023\/11\/23\/node_542509\/13577916\/public\/2023\/11\/23\/B9735525969Z.1_20231123210349_000%2BGSRNRTE9U.1-0.jpg?itok=qWcNMZ9I1700769838 1124w, https:\/\/remeng.rosselcdn.net\/sites\/default\/files\/dpistyles_v2\/rem_16_9_917w\/2023\/11\/23\/node_542509\/13577916\/public\/2023\/11\/23\/B9735525969Z.1_20231123210349_000%2BGSRNRTE9U.1-0.jpg?itok=B4folTL31700769838 917w\" data-src=\"https:\/\/remeng.rosselcdn.net\/sites\/default\/files\/dpistyles_v2\/rem_16_9_1124w\/2023\/11\/23\/node_542509\/13577916\/public\/2023\/11\/23\/B9735525969Z.1_20231123210349_000%2BGSRNRTE9U.1-0.jpg?itok=qWcNMZ9I1700769838\" \/>\n<figcaption>Corentin, aux c\u00f4t\u00e9s de son professeur Fr\u00e9d\u00e9ric Bianic.<\/figcaption>\n<\/figure>\n<figure class=\"r-ratio--16-9 glider-slide right-1\" role=\"img\" aria-label=\"Alison et Rom\u00e9o, en stage au Secours populaire.\" data-gslide=\"1\"><img class=\"r-img lazyautosizes lazyloaded\" src=\"https:\/\/remeng.rosselcdn.net\/sites\/default\/files\/dpistyles_v2\/rem_16_9_1124w\/2023\/11\/23\/node_542509\/13578108\/public\/2023\/11\/23\/B9735525969Z.1_20231123210349_000%2BGSRNRTEBK.1-0.jpg?itok=CNolgVQ21700769838\" sizes=\"864px\" srcset=\"https:\/\/remeng.rosselcdn.net\/sites\/default\/files\/dpistyles_v2\/rem_16_9_1124w\/2023\/11\/23\/node_542509\/13578108\/public\/2023\/11\/23\/B9735525969Z.1_20231123210349_000%2BGSRNRTEBK.1-0.jpg?itok=CNolgVQ21700769838 1124w, https:\/\/remeng.rosselcdn.net\/sites\/default\/files\/dpistyles_v2\/rem_16_9_917w\/2023\/11\/23\/node_542509\/13578108\/public\/2023\/11\/23\/B9735525969Z.1_20231123210349_000%2BGSRNRTEBK.1-0.jpg?itok=MkSn3ozb1700769838 917w\" alt=\"Alison et Rom\u00e9o, en stage au Secours populaire.\" data-sizes=\"auto\" data-srcset=\"https:\/\/remeng.rosselcdn.net\/sites\/default\/files\/dpistyles_v2\/rem_16_9_1124w\/2023\/11\/23\/node_542509\/13578108\/public\/2023\/11\/23\/B9735525969Z.1_20231123210349_000%2BGSRNRTEBK.1-0.jpg?itok=CNolgVQ21700769838 1124w, https:\/\/remeng.rosselcdn.net\/sites\/default\/files\/dpistyles_v2\/rem_16_9_917w\/2023\/11\/23\/node_542509\/13578108\/public\/2023\/11\/23\/B9735525969Z.1_20231123210349_000%2BGSRNRTEBK.1-0.jpg?itok=MkSn3ozb1700769838 917w\" data-src=\"https:\/\/remeng.rosselcdn.net\/sites\/default\/files\/dpistyles_v2\/rem_16_9_1124w\/2023\/11\/23\/node_542509\/13578108\/public\/2023\/11\/23\/B9735525969Z.1_20231123210349_000%2BGSRNRTEBK.1-0.jpg?itok=CNolgVQ21700769838\" \/>\n<figcaption>Alison et Rom\u00e9o, en stage au Secours populaire.<\/figcaption>\n<\/figure>\n<\/div>\n<div class=\"glider-dots\" role=\"tablist\">\n<p>\u00a0<\/p>\n<\/div>\n<figure class=\"r-author--img\" role=\"img\"><\/figure>\n<div><address>Par Sandra Roger EST ECLAIR<\/address><\/div>\n<p><time class=\" pubdate published\" datetime=\"2023-11-23T21:03:49\">Publi\u00e9:<span class=\"-is-colored\">23 novembre 2023<\/span><\/time><\/p>\n<div class=\"paywall qiota_reserve\">\n<p>\u00a0<\/p>\n<\/div>\n","protected":false},"excerpt":{"rendered":"<p>Quatre \u00e9l\u00e8ves du lyc\u00e9e professionnel Diderot participaient ce jeudi \u00e0 cette journ\u00e9e dans le cadre de la Semaine pour l\u2019emploi des personnes handicap\u00e9es. Quatre \u00e9l\u00e8ves suivis au sein de l\u2019Ulis du lyc\u00e9e professionnel Diderot de Romilly-sur-Seine ont particip\u00e9 ce jeudi au DuoDay dans le cadre de la Semaine europ\u00e9enne pour l\u2019emploi des personnes handicap\u00e9es. Objectif\u00a0: [&hellip;]<\/p>\n","protected":false},"author":10,"featured_media":3400,"comment_status":"closed","ping_status":"open","sticky":false,"template":"","format":"standard","meta":[],"categories":[50],"tags":[],"_links":{"self":[{"href":"https:\/\/lpdiderot10.fr\/index.php\/wp-json\/wp\/v2\/posts\/3396"}],"collection":[{"href":"https:\/\/lpdiderot10.fr\/index.php\/wp-json\/wp\/v2\/posts"}],"about":[{"href":"https:\/\/lpdiderot10.fr\/index.php\/wp-json\/wp\/v2\/types\/post"}],"author":[{"embeddable":true,"href":"https:\/\/lpdiderot10.fr\/index.php\/wp-json\/wp\/v2\/users\/10"}],"replies":[{"embeddable":true,"href":"https:\/\/lpdiderot10.fr\/index.php\/wp-json\/wp\/v2\/comments?post=3396"}],"version-history":[{"count":2,"href":"https:\/\/lpdiderot10.fr\/index.php\/wp-json\/wp\/v2\/posts\/3396\/revisions"}],"predecessor-version":[{"id":3401,"href":"https:\/\/lpdiderot10.fr\/index.php\/wp-json\/wp\/v2\/posts\/3396\/revisions\/3401"}],"wp:featuredmedia":[{"embeddable":true,"href":"https:\/\/lpdiderot10.fr\/index.php\/wp-json\/wp\/v2\/media\/3400"}],"wp:attachment":[{"href":"https:\/\/lpdiderot10.fr\/index.php\/wp-json\/wp\/v2\/media?parent=3396"}],"wp:term":[{"taxonomy":"category","embeddable":true,"href":"https:\/\/lpdiderot10.fr\/index.php\/wp-json\/wp\/v2\/categories?post=3396"},{"taxonomy":"post_tag","embeddable":true,"href":"https:\/\/lpdiderot10.fr\/index.php\/wp-json\/wp\/v2\/tags?post=3396"}],"curies":[{"name":"wp","href":"https:\/\/api.w.org\/{rel}","templated":true}]}}