{"id":3973,"date":"2025-09-15T15:14:28","date_gmt":"2025-09-15T13:14:28","guid":{"rendered":"https:\/\/lpdiderot10.fr\/?p=3973"},"modified":"2025-09-15T15:14:30","modified_gmt":"2025-09-15T13:14:30","slug":"le-cap-vitrailliste-fait-ses-debuts-au-lycee-diderot-de-romilly-sur-seine","status":"publish","type":"post","link":"https:\/\/lpdiderot10.fr\/index.php\/2025\/09\/15\/le-cap-vitrailliste-fait-ses-debuts-au-lycee-diderot-de-romilly-sur-seine\/","title":{"rendered":"Le CAP vitrailliste fait ses d\u00e9buts au lyc\u00e9e Diderot de Romilly-sur-Seine"},"content":{"rendered":"<p>La rentr\u00e9e du lyc\u00e9e professionnel Diderot a \u00e9t\u00e9 marqu\u00e9e par les d\u00e9buts du CAP Arts et m\u00e9tiers du verre, option vitrailliste. Une formation d\u2019un an unique en Champagne-Ardenne.<\/p>\n<p>C\u2019est la nouveaut\u00e9 de la rentr\u00e9e 2025-2026 pour le lyc\u00e9e professionnel Diderot, \u00e0\u00a0<a href=\"https:\/\/www.lest-eclair.fr\/401\/locations\/romilly-sur-seine-aube\" target=\"_blank\" rel=\"noopener\">Romilly-sur-Seine<\/a>. Douze \u00e9l\u00e8ves vont y suivre, pour la premi\u00e8re fois en Champagne-Ardenne, dans le public, un certificat d\u2019aptitude professionnel de vitrailliste. Une nouvelle formation qui ravit \u00c9lisabeth Henry, la proviseure du lyc\u00e9e\u00a0:<em>\u00a0\u00ab\u00a0On a propos\u00e9 notre candidature pour accueillir cette classe il y a deux ans\u00a0\u00bb,\u00a0<\/em>se rem\u00e9more-t-elle\u00a0:\u00a0<em>\u00ab\u00a0On voulait compl\u00e9ter notre panel avec nos CAP d\u00e9j\u00e0 existants de ferronnerie d\u2019art et d\u2019\u00e9b\u00e9nisterie d\u2019art, et puis \u00e7a nous semblait coh\u00e9rent sur le d\u00e9partement avec la Cit\u00e9 du vitrail \u00e0 Troyes et les routes du vitrail dans l\u2019Aube.\u00a0\u00bb<\/em>\u00a0Des partenariats ont d\u2019ailleurs d\u00e9j\u00e0 \u00e9t\u00e9 mis en place avec la Cit\u00e9 du vitrail, notamment sur une possible gestion commune des d\u00e9chets et la manufacture troyenne Vincent-Petit.<\/p>\n<p><strong>Des candidatures de l\u2019\u00e9tranger<\/strong><\/p>\n<p>Une nouvelle formation qui sonne comme une \u00e9vidence compte tenu de la place du vitrail dans le d\u00e9partement, mais qui n\u2019\u00e9tait jusqu\u2019alors pas propos\u00e9 dans les \u00e9tablissements publics en Champagne-Ardenne. C\u2019est d\u2019ailleurs la 4<sup>e<\/sup>\u00a0formation de ce type en France, ce qui a cr\u00e9\u00e9 un afflux de candidatures inattendu pour le lyc\u00e9e.\u00a0<em>\u00ab\u00a0On a re\u00e7u des demandes de toute la France, et m\u00eame de l\u2019\u00e9tranger, on a \u00e9t\u00e9 assez surpris de toutes ces candidatures\u00a0\u00bb,<\/em>\u00a0relate la proviseure.<\/p>\n<p>L\u2019am\u00e9nagement de la salle consacr\u00e9e \u00e0 ce nouveau CAP a d\u2019ailleurs concentr\u00e9 les principaux travaux de l\u2019\u00e9t\u00e9 au lyc\u00e9e. Ancien r\u00e9fectoire, elle a \u00e9t\u00e9 transform\u00e9e pour laisser place \u00e0 des \u00e9tablis sur lesquels les \u00e9l\u00e8ves pourront pratiquer\u00a0:\u00a0<em>\u00ab\u00a0Il fallait une salle grande, mais aussi tr\u00e8s lumineuse, puisque le travail du vitrail se fait aussi sur des jeux de lumi\u00e8res, l\u2019espace d\u2019accueil \u00e9tait un point important de notre candidature.\u00a0\u00bb<\/em><\/p>\n<p><img loading=\"lazy\" width=\"664\" height=\"498\" class=\"wp-image-3974\" src=\"https:\/\/lpdiderot10.fr\/wp-content\/uploads\/2025\/09\/douze-eleves-suivent-cette-formation-dun-an-.jpeg\" alt=\"Douze \u00e9l\u00e8ves suivent cette formation d\u2019un an.\" srcset=\"https:\/\/lpdiderot10.fr\/wp-content\/uploads\/2025\/09\/douze-eleves-suivent-cette-formation-dun-an-.jpeg 664w, https:\/\/lpdiderot10.fr\/wp-content\/uploads\/2025\/09\/douze-eleves-suivent-cette-formation-dun-an--300x225.jpeg 300w\" sizes=\"(max-width: 664px) 100vw, 664px\" \/><\/p>\n<p><strong>Douze \u00e9l\u00e8ves en formation<\/strong><\/p>\n<p>Une salle qui accueillera les douze \u00e9l\u00e8ves du CAP, ainsi que les deux ma\u00eetres-verriers et la professeure d\u2019arts appliqu\u00e9s qui enseigneront tout au long de l\u2019ann\u00e9e\u00a0:\u00a0<em>\u00ab\u00a0\u00c7a a \u00e9t\u00e9 un long travail pour correspondre aux nomes de s\u00e9curit\u00e9, avec des bacs de d\u00e9cantation notamment.\u00a0\u00bb<\/em>. Un projet qui a \u00e9t\u00e9 port\u00e9 par le rectorat et la r\u00e9gion Grand Est, qui finance l\u2019\u00e9quipement et g\u00e8re la carte des formations dans le d\u00e9partement.<\/p>\n<p>Pour le reste du lyc\u00e9e, les effectifs sont stables, avec une capacit\u00e9 maximale de 470 \u00e9l\u00e8ves atteinte cette ann\u00e9e. D\u2019autres travaux mineurs ont \u00e9t\u00e9 effectu\u00e9s pour le confort des \u00e9l\u00e8ves, avec des nouvelles pergolas et des nouveaux bancs.<\/p>\n<p>Par Pierre-Louis Chauveau (EST ECLAIR)<\/p>\n","protected":false},"excerpt":{"rendered":"<p>La rentr\u00e9e du lyc\u00e9e professionnel Diderot a \u00e9t\u00e9 marqu\u00e9e par les d\u00e9buts du CAP Arts et m\u00e9tiers du verre, option vitrailliste. Une formation d\u2019un an unique en Champagne-Ardenne. C\u2019est la nouveaut\u00e9 de la rentr\u00e9e 2025-2026 pour le lyc\u00e9e professionnel Diderot, \u00e0\u00a0Romilly-sur-Seine. Douze \u00e9l\u00e8ves vont y suivre, pour la premi\u00e8re fois en Champagne-Ardenne, dans le public, [&hellip;]<\/p>\n","protected":false},"author":10,"featured_media":3974,"comment_status":"closed","ping_status":"open","sticky":false,"template":"","format":"standard","meta":[],"categories":[46,53],"tags":[],"_links":{"self":[{"href":"https:\/\/lpdiderot10.fr\/index.php\/wp-json\/wp\/v2\/posts\/3973"}],"collection":[{"href":"https:\/\/lpdiderot10.fr\/index.php\/wp-json\/wp\/v2\/posts"}],"about":[{"href":"https:\/\/lpdiderot10.fr\/index.php\/wp-json\/wp\/v2\/types\/post"}],"author":[{"embeddable":true,"href":"https:\/\/lpdiderot10.fr\/index.php\/wp-json\/wp\/v2\/users\/10"}],"replies":[{"embeddable":true,"href":"https:\/\/lpdiderot10.fr\/index.php\/wp-json\/wp\/v2\/comments?post=3973"}],"version-history":[{"count":1,"href":"https:\/\/lpdiderot10.fr\/index.php\/wp-json\/wp\/v2\/posts\/3973\/revisions"}],"predecessor-version":[{"id":3975,"href":"https:\/\/lpdiderot10.fr\/index.php\/wp-json\/wp\/v2\/posts\/3973\/revisions\/3975"}],"wp:featuredmedia":[{"embeddable":true,"href":"https:\/\/lpdiderot10.fr\/index.php\/wp-json\/wp\/v2\/media\/3974"}],"wp:attachment":[{"href":"https:\/\/lpdiderot10.fr\/index.php\/wp-json\/wp\/v2\/media?parent=3973"}],"wp:term":[{"taxonomy":"category","embeddable":true,"href":"https:\/\/lpdiderot10.fr\/index.php\/wp-json\/wp\/v2\/categories?post=3973"},{"taxonomy":"post_tag","embeddable":true,"href":"https:\/\/lpdiderot10.fr\/index.php\/wp-json\/wp\/v2\/tags?post=3973"}],"curies":[{"name":"wp","href":"https:\/\/api.w.org\/{rel}","templated":true}]}}