{"id":527,"date":"2018-04-05T13:46:52","date_gmt":"2018-04-05T11:46:52","guid":{"rendered":"http:\/\/lpdiderot10.fr\/?p=527"},"modified":"2022-02-15T19:22:34","modified_gmt":"2022-02-15T18:22:34","slug":"527","status":"publish","type":"post","link":"https:\/\/lpdiderot10.fr\/index.php\/2018\/04\/05\/527\/","title":{"rendered":"Portes ouvertes"},"content":{"rendered":"<p><span style=\"color: #000000;\"><span style=\"font-family: roboto,Arial,sans-serif;\"><span style=\"font-size: large;\"><span style=\"color: #666666;\"><span style=\"font-family: Georgia,Times New Roman,Times,serif;\">\u00c0 <\/span><\/span>l\u2019heure o\u00f9 les \u00e9l\u00e8ves de terminale sont en pleine r\u00e9flexion sur leur future orientation, les lyc\u00e9es de la Ville ont offert la possibilit\u00e9 \u00e0 de nombreux visiteurs de d\u00e9couvrir leurs fili\u00e8res.<\/span><\/span><\/span><\/p>\n<p><span style=\"color: #000000;\"><span style=\"font-family: roboto,Arial,sans-serif;\"><span style=\"font-size: large;\">Les deux \u00e9tablissements ont, en effet, organis\u00e9 conjointement une journ\u00e9e portes ouvertes samedi dernier, toute la matin\u00e9e.\u00a0<\/span><\/span><\/span><em><span style=\"color: #000000;\"><span style=\"font-family: roboto,Arial,sans-serif;\"><span style=\"font-size: large;\">\u00ab\u00a0Ce sont les \u00e9l\u00e8ves qui se sont port\u00e9s volontaires pour organiser l\u2019accueil et piloter les familles suivant leur d\u00e9sir dans l\u2019\u00e9tablissement vers les diff\u00e9rents ateliers\u00a0\u00bb,\u00a0<\/span><\/span><\/span><\/em><span style=\"color: #000000;\"><span style=\"font-family: roboto,Arial,sans-serif;\"><span style=\"font-size: large;\">se r\u00e9jouit Alain Briot, proviseur du lyc\u00e9e professionnel Diderot.<\/span><\/span><\/span><\/p>\n<p><span style=\"color: #000000;\"><span style=\"font-family: roboto,Arial,sans-serif;\"><span style=\"font-size: large;\">\u00c0 Joliot-Curie, Nicolas Moro, professeur de fran\u00e7ais, a assur\u00e9 l\u2019accueil pour donner les renseignements aux visiteurs ainsi que le plan de l\u2019\u00e9tablissement.\u00a0<\/span><\/span><\/span><em><span style=\"color: #000000;\"><span style=\"font-family: roboto,Arial,sans-serif;\"><span style=\"font-size: large;\">\u00ab\u00a0Les professeurs re\u00e7oivent les parents et les \u00e9l\u00e8ves dans les salles et leur donnent toutes les informations dont ils ont besoin pour une bonne orientation\u00a0\u00bb,\u00a0<\/span><\/span><\/span><\/em><span style=\"color: #000000;\"><span style=\"font-family: roboto,Arial,sans-serif;\"><span style=\"font-size: large;\">indique Catherine Grosjean, proviseur de l\u2019\u00e9tablissement.<\/span><\/span><\/span><\/p>\n<h2 class=\"western\"><span style=\"color: #000000;\"><span style=\"font-family: Georgia,Times New Roman,Times,serif;\"><span style=\"font-size: xx-large;\"><b>Une bonne synergie entre les deux \u00e9tablissements<\/b><\/span><\/span><\/span><\/h2>\n<p><span style=\"color: #000000;\"><span style=\"font-family: roboto,Arial,sans-serif;\"><span style=\"font-size: large;\">Les lyc\u00e9es Denis-Diderot et Joliot-Curie ont pris l\u2019habitude d\u2019organiser ces journ\u00e9es portes ouvertes de fa\u00e7on conjointe.<\/span><\/span><\/span><\/p>\n<p><span style=\"color: #000000;\"><span style=\"font-family: roboto,Arial,sans-serif;\"><span style=\"font-size: large;\">Les deux \u00e9tablissements ont en effet nou\u00e9 des liens de coop\u00e9ration et il existe une v\u00e9ritable synergie qui d\u00e9coule des bonnes relations entretenues un peu \u00e0 l\u2019image de la journ\u00e9e d\u2019orientation commune organis\u00e9e dans la grande salle polyvalente de Joliot-Curie.<\/span><\/span><\/span><\/p>\n<p><span style=\"color: #000000;\"><span style=\"font-family: roboto,Arial,sans-serif;\"><span style=\"font-size: large;\">Les deux lyc\u00e9es ont \u00e9galement \u00e9tabli des passerelles permettant \u00e0 des \u00e9l\u00e8ves de seconde g\u00e9n\u00e9rale d\u2019envisager d\u2019aller en bac pro et inversement, ce qui permet d\u2019adapter les parcours des jeunes et de ne pas laisser des \u00e9l\u00e8ves sans solution.<\/span><\/span><\/span><\/p>\n<p><span style=\"color: #000000;\">\u00a0<span style=\"font-family: roboto,Arial,sans-serif;\"><span style=\"font-size: large;\">JEAN-CLAUDE BRUN<\/span><\/span><\/span><\/p>\n","protected":false},"excerpt":{"rendered":"<p>\u00c0 l\u2019heure o\u00f9 les \u00e9l\u00e8ves de terminale sont en pleine r\u00e9flexion sur leur future orientation, les lyc\u00e9es de la Ville ont offert la possibilit\u00e9 \u00e0 de nombreux visiteurs de d\u00e9couvrir leurs fili\u00e8res. Les deux \u00e9tablissements ont, en effet, organis\u00e9 conjointement une journ\u00e9e portes ouvertes samedi dernier, toute la matin\u00e9e.\u00a0\u00ab\u00a0Ce sont les \u00e9l\u00e8ves qui se sont [&hellip;]<\/p>\n","protected":false},"author":10,"featured_media":526,"comment_status":"closed","ping_status":"open","sticky":false,"template":"","format":"standard","meta":[],"categories":[28],"tags":[],"_links":{"self":[{"href":"https:\/\/lpdiderot10.fr\/index.php\/wp-json\/wp\/v2\/posts\/527"}],"collection":[{"href":"https:\/\/lpdiderot10.fr\/index.php\/wp-json\/wp\/v2\/posts"}],"about":[{"href":"https:\/\/lpdiderot10.fr\/index.php\/wp-json\/wp\/v2\/types\/post"}],"author":[{"embeddable":true,"href":"https:\/\/lpdiderot10.fr\/index.php\/wp-json\/wp\/v2\/users\/10"}],"replies":[{"embeddable":true,"href":"https:\/\/lpdiderot10.fr\/index.php\/wp-json\/wp\/v2\/comments?post=527"}],"version-history":[{"count":6,"href":"https:\/\/lpdiderot10.fr\/index.php\/wp-json\/wp\/v2\/posts\/527\/revisions"}],"predecessor-version":[{"id":789,"href":"https:\/\/lpdiderot10.fr\/index.php\/wp-json\/wp\/v2\/posts\/527\/revisions\/789"}],"wp:featuredmedia":[{"embeddable":true,"href":"https:\/\/lpdiderot10.fr\/index.php\/wp-json\/wp\/v2\/media\/526"}],"wp:attachment":[{"href":"https:\/\/lpdiderot10.fr\/index.php\/wp-json\/wp\/v2\/media?parent=527"}],"wp:term":[{"taxonomy":"category","embeddable":true,"href":"https:\/\/lpdiderot10.fr\/index.php\/wp-json\/wp\/v2\/categories?post=527"},{"taxonomy":"post_tag","embeddable":true,"href":"https:\/\/lpdiderot10.fr\/index.php\/wp-json\/wp\/v2\/tags?post=527"}],"curies":[{"name":"wp","href":"https:\/\/api.w.org\/{rel}","templated":true}]}}